{"id":231,"date":"2025-06-10T19:22:31","date_gmt":"2025-06-10T17:22:31","guid":{"rendered":"https:\/\/peix.burriana.es\/?p=231"},"modified":"2025-06-10T19:22:31","modified_gmt":"2025-06-10T17:22:31","slug":"concurso-de-dibujo-2","status":"publish","type":"post","link":"http:\/\/peix.burriana.es\/index.php\/2025\/06\/10\/concurso-de-dibujo-2\/","title":{"rendered":"Concurso de Dibujo"},"content":{"rendered":"<div id=\"pl-231\"  class=\"panel-layout\" ><div id=\"pg-231-0\"  class=\"panel-grid panel-has-style\" ><div class=\"siteorigin-panels-stretch panel-row-style panel-row-style-for-231-0\" data-stretch-type=\"full-width-stretch\" ><div id=\"pgc-231-0-0\"  class=\"panel-grid-cell\" ><div id=\"panel-231-0-0-0\" class=\"so-panel widget widget_sow-editor panel-first-child panel-last-child\" data-index=\"0\" ><div\n\t\t\t\n\t\t\tclass=\"so-widget-sow-editor so-widget-sow-editor-base\"\n\t\t\t\n\t\t><h3 class=\"widget-title\">Concurso de dibujo<\/h3>\n<div class=\"siteorigin-widget-tinymce textwidget\">\n\t<p class=\"p1\">\n<p class=\"p2\">\u00a1Participa en el concurso \u00abdibuja y colorea \u2013 T\u00da ERES EL ELEGIDO\u00bb!<br \/>\n1.- Podr\u00e1n participar en dicho concurso todo aquel que tenga entre 4 y 12<br \/>\na\u00f1os en el momento de presentaci\u00f3n del dibujo.<br \/>\n2.- Entregando dicho dibujo los padres\/madres\/tutores autorizan el uso de<br \/>\ndatos para que la organizaci\u00f3n se comunique con el participante en caso<br \/>\nde requerirlo.<br \/>\n3.- Se valorar\u00e1 la creatividad principalmente aunque el acabado y puesta<br \/>\nen marcha de la idea tambi\u00e9n tendr\u00e1 peso en la decisi\u00f3n del jurado.<br \/>\n4.- Los premios ser\u00e1n ofrecidos por la Asociaci\u00f3n de Hosteler\u00eda de<br \/>\nBurriana el d\u00eda 26 de junio de 2025.<br \/>\n5.- El lugar y el horario de entrega de premios ser\u00e1 comunicado a los<br \/>\nganadores y a su vez tambi\u00e9n comunicado a trav\u00e9s de la web que pueden<br \/>\nencontrar en el qr de este mantel y en redes sociales.<br \/>\n6.- Se podr\u00e1n entregar los dibujos hasta el pr\u00f3ximo 25 de junio a las<br \/>\n00:00h.<br \/>\n7.- El jurado estar\u00e1 constituido por quien determine la Asociaci\u00f3n de<br \/>\nHosteler\u00eda de Burriana.<\/p>\n<\/div>\n<\/div><\/div><\/div><\/div><\/div><div id=\"pg-231-1\"  class=\"panel-grid panel-has-style\" ><div class=\"siteorigin-panels-stretch panel-row-style panel-row-style-for-231-1\" data-stretch-type=\"full-width-stretch\" ><div id=\"pgc-231-1-0\"  class=\"panel-grid-cell\" ><div id=\"panel-231-1-0-0\" class=\"so-panel widget widget_sow-hero panel-first-child panel-last-child\" data-index=\"1\" ><div\n\t\t\t\n\t\t\tclass=\"so-widget-sow-hero so-widget-sow-hero-default-5d08584ba165-231 so-widget-fittext-wrapper\"\n\t\t\t data-fit-text-compressor=\"0.85\"\n\t\t>\t\t\t\t<div class=\"sow-slider-base\" style=\"display: none\" tabindex=\"0\">\n\t\t\t\t\t<ul\n\t\t\t\t\tclass=\"sow-slider-images\"\n\t\t\t\t\tdata-settings=\"{&quot;pagination&quot;:true,&quot;speed&quot;:799,&quot;timeout&quot;:8000,&quot;paused&quot;:true,&quot;pause_on_hover&quot;:true,&quot;swipe&quot;:true,&quot;nav_always_show_desktop&quot;:&quot;&quot;,&quot;nav_always_show_mobile&quot;:&quot;&quot;,&quot;breakpoint&quot;:&quot;780px&quot;,&quot;unmute&quot;:false,&quot;anchor&quot;:null}\"\n\t\t\t\t\tstyle=\"min-height: 860px\"\t\t\t\t\tdata-anchor-id=\"\"\n\t\t\t\t>\t\t<li class=\"sow-slider-image  sow-slider-image-cover\" style=\"visibility: visible;;background-color: #333333\" >\n\t\t\t\t\t<div class=\"sow-slider-image-container\">\n\t\t\t<div class=\"sow-slider-image-wrapper\">\n\t\t\t\t\t\t\t<\/div>\n\t\t<\/div>\n\t\t<div class=\"sow-slider-image-overlay sow-slider-image-cover\" style=\"opacity: 0.4;background-image: url(http:\/\/peix.burriana.es\/wp-content\/uploads\/2025\/06\/MANTEL.jpg)\"  ><\/div>\t\t<\/li>\n\t\t<\/ul>\t\t\t\t<ol class=\"sow-slider-pagination\">\n\t\t\t\t\t\t\t\t\t\t\t<li><a href=\"#\" data-goto=\"0\" aria-label=\"mostrar diapositiva 1\"><\/a><\/li>\n\t\t\t\t\t\t\t\t\t<\/ol>\n\n\t\t\t\t<div class=\"sow-slide-nav sow-slide-nav-next\">\n\t\t\t\t\t<a href=\"#\" data-goto=\"next\" aria-label=\"diapositiva siguiente\" data-action=\"next\">\n\t\t\t\t\t\t<em class=\"sow-sld-icon-thin-right\"><\/em>\n\t\t\t\t\t<\/a>\n\t\t\t\t<\/div>\n\n\t\t\t\t<div class=\"sow-slide-nav sow-slide-nav-prev\">\n\t\t\t\t\t<a href=\"#\" data-goto=\"previous\" aria-label=\"diapositiva anterior\" data-action=\"prev\">\n\t\t\t\t\t\t<em class=\"sow-sld-icon-thin-left\"><\/em>\n\t\t\t\t\t<\/a>\n\t\t\t\t<\/div>\n\t\t\t\t<\/div><\/div><\/div><\/div><\/div><\/div><\/div>","protected":false},"excerpt":{"rendered":"<p>\u00a1Participa en el concurso \u00abdibuja y colorea \u2013 T\u00da ERES EL ELEGIDO\u00bb! 1.- Podr\u00e1n participar en dicho concurso todo aquel que tenga entre 4 y 12 a\u00f1os en el momento de presentaci\u00f3n del dibujo. 2.- Entregando dicho dibujo los padres\/madres\/tutores autorizan el uso de datos para que la organizaci\u00f3n se comunique con el participante en &hellip; <\/p>\n<p class=\"link-more\"><a href=\"http:\/\/peix.burriana.es\/index.php\/2025\/06\/10\/concurso-de-dibujo-2\/\" class=\"more-link\">Continuar leyendo<span class=\"screen-reader-text\"> \u00abConcurso de Dibujo\u00bb<\/span><\/a><\/p>\n","protected":false},"author":2,"featured_media":0,"comment_status":"open","ping_status":"open","sticky":false,"template":"","format":"standard","meta":{"footnotes":""},"categories":[1],"tags":[],"class_list":["post-231","post","type-post","status-publish","format-standard","hentry","category-sin-categoria"],"_links":{"self":[{"href":"http:\/\/peix.burriana.es\/index.php\/wp-json\/wp\/v2\/posts\/231","targetHints":{"allow":["GET"]}}],"collection":[{"href":"http:\/\/peix.burriana.es\/index.php\/wp-json\/wp\/v2\/posts"}],"about":[{"href":"http:\/\/peix.burriana.es\/index.php\/wp-json\/wp\/v2\/types\/post"}],"author":[{"embeddable":true,"href":"http:\/\/peix.burriana.es\/index.php\/wp-json\/wp\/v2\/users\/2"}],"replies":[{"embeddable":true,"href":"http:\/\/peix.burriana.es\/index.php\/wp-json\/wp\/v2\/comments?post=231"}],"version-history":[{"count":1,"href":"http:\/\/peix.burriana.es\/index.php\/wp-json\/wp\/v2\/posts\/231\/revisions"}],"predecessor-version":[{"id":232,"href":"http:\/\/peix.burriana.es\/index.php\/wp-json\/wp\/v2\/posts\/231\/revisions\/232"}],"wp:attachment":[{"href":"http:\/\/peix.burriana.es\/index.php\/wp-json\/wp\/v2\/media?parent=231"}],"wp:term":[{"taxonomy":"category","embeddable":true,"href":"http:\/\/peix.burriana.es\/index.php\/wp-json\/wp\/v2\/categories?post=231"},{"taxonomy":"post_tag","embeddable":true,"href":"http:\/\/peix.burriana.es\/index.php\/wp-json\/wp\/v2\/tags?post=231"}],"curies":[{"name":"wp","href":"https:\/\/api.w.org\/{rel}","templated":true}]}}